{"id":717,"date":"2020-07-30T16:40:38","date_gmt":"2020-07-30T16:40:38","guid":{"rendered":"https:\/\/grupojasf.com.br\/promocoes-e-eventos\/?p=717"},"modified":"2022-02-22T10:08:23","modified_gmt":"2022-02-22T13:08:23","slug":"confira-o-primeiro-dia-do-projeto-cidade-unida","status":"publish","type":"post","link":"https:\/\/grupojasf.com.br\/promocoes-e-eventos\/confira-o-primeiro-dia-do-projeto-cidade-unida\/","title":{"rendered":"Confira o primeiro dia do Projeto Cidade Unida"},"content":{"rendered":"<p><div class=\"fusion-fullwidth fullwidth-box fusion-builder-row-1 fusion-flex-container nonhundred-percent-fullwidth non-hundred-percent-height-scrolling\" style=\"--awb-border-radius-top-left:0px;--awb-border-radius-top-right:0px;--awb-border-radius-bottom-right:0px;--awb-border-radius-bottom-left:0px;--awb-flex-wrap:wrap;\" ><div class=\"fusion-builder-row fusion-row fusion-flex-align-items-flex-start fusion-flex-content-wrap\" style=\"max-width:1443.75px;margin-left: calc(-5% \/ 2 );margin-right: calc(-5% \/ 2 );\"><div class=\"fusion-layout-column fusion_builder_column fusion-builder-column-0 fusion_builder_column_1_1 1_1 fusion-flex-column\" style=\"--awb-bg-size:cover;--awb-width-large:100%;--awb-margin-top-large:0px;--awb-spacing-right-large:2.375%;--awb-margin-bottom-large:0px;--awb-spacing-left-large:2.375%;--awb-width-medium:100%;--awb-spacing-right-medium:2.375%;--awb-spacing-left-medium:2.375%;--awb-width-small:100%;--awb-spacing-right-small:2.375%;--awb-spacing-left-small:2.375%;\"><div class=\"fusion-column-wrapper fusion-flex-justify-content-flex-start fusion-content-layout-column\"><div class=\"fusion-video fusion-youtube\" style=\"--awb-max-width:600px;--awb-max-height:360px;--awb-align-self:center;--awb-width:100%;\"><div class=\"video-shortcode\"><div class=\"fluid-width-video-wrapper\" style=\"padding-top:60%;\" ><iframe title=\"YouTube video player 1\" src=\"https:\/\/www.youtube.com\/embed\/QZFpMh9BWuY?wmode=transparent&autoplay=0\" width=\"600\" height=\"360\" allowfullscreen allow=\"autoplay; fullscreen\"><\/iframe><\/div><\/div><\/div><div class=\"fusion-separator fusion-full-width-sep\" style=\"align-self: center;margin-left: auto;margin-right: auto;margin-top:20px;width:100%;\"><\/div><div class=\"fusion-text fusion-text-1\"><p style=\"font-size: 18px; text-align: left;\">Apoiamos o Projeto Cidade Unida para criar uma comunidade ainda mais unida e forte para vencer esse per\u00edodo de pandemia, junte-se tamb\u00e9m a essa causa e ajude as fam\u00edlias da sua regi\u00e3o.<\/p>\n<h1 style=\"font-size: 18px; text-align: left;\"><\/h1>\n<\/div><div class=\"fusion-title title fusion-title-1 fusion-sep-none fusion-title-text fusion-title-size-one\" style=\"--awb-font-size:30px;\"><h1 class=\"fusion-title-heading title-heading-left fusion-responsive-typography-calculated\" style=\"margin:0;font-size:1em;--fontSize:30;--minFontSize:30;line-height:1.3;\"><h1 style=\"font-size: 30px; text-align: left;\"><strong>Unidos somos mais forte!<\/strong><\/h1><\/h1><\/div><\/div><\/div><\/div><\/div><div class=\"fusion-fullwidth fullwidth-box fusion-builder-row-2 fusion-flex-container hundred-percent-fullwidth non-hundred-percent-height-scrolling\" style=\"--awb-border-radius-top-left:0px;--awb-border-radius-top-right:0px;--awb-border-radius-bottom-right:0px;--awb-border-radius-bottom-left:0px;--awb-overflow:visible;--awb-margin-top:20px;--awb-flex-wrap:wrap;\" ><div class=\"fusion-builder-row fusion-row fusion-flex-align-items-flex-start fusion-flex-content-wrap\" style=\"width:105% !important;max-width:105% !important;margin-left: calc(-5% \/ 2 );margin-right: calc(-5% \/ 2 );\"><div class=\"fusion-layout-column fusion_builder_column fusion-builder-column-1 fusion_builder_column_1_1 1_1 fusion-flex-column fusion-flex-align-self-flex-start fusion-column-no-min-height\" style=\"--awb-bg-size:cover;--awb-width-large:100%;--awb-margin-top-large:0px;--awb-spacing-right-large:2.375%;--awb-margin-bottom-large:0px;--awb-spacing-left-large:2.375%;--awb-width-medium:100%;--awb-spacing-right-medium:2.375%;--awb-spacing-left-medium:2.375%;--awb-width-small:100%;--awb-spacing-right-small:2.375%;--awb-spacing-left-small:2.375%;\"><div class=\"fusion-column-wrapper fusion-flex-justify-content-flex-start fusion-content-layout-column\"><div class=\"fusion-separator fusion-full-width-sep\" style=\"align-self: center;margin-left: auto;margin-right: auto;width:100%;\"><\/div><div class=\"fusion-text fusion-text-2\"><p>O sucesso do Projeto Cidade Unida segue para mais um fim de semana musical e com muita solidariedade. Neste s\u00e1bado, dia 13, a partir das 19 horas, a Live Aki apresenta um show duplo para os moradores do condom\u00ednio Port de France, em Santana, na zona norte, com apresenta\u00e7\u00f5es da Banda Namoral (Ac\u00fastico Jota Quest e ABBA Majestat (Tributo ABBA).<\/p>\n<\/div><\/div><\/div><\/div><\/div><div class=\"fusion-fullwidth fullwidth-box fusion-builder-row-3 fusion-flex-container hundred-percent-fullwidth non-hundred-percent-height-scrolling\" style=\"--awb-border-radius-top-left:0px;--awb-border-radius-top-right:0px;--awb-border-radius-bottom-right:0px;--awb-border-radius-bottom-left:0px;--awb-overflow:visible;--awb-margin-top:20px;--awb-flex-wrap:wrap;\" ><div class=\"fusion-builder-row fusion-row fusion-flex-align-items-flex-start fusion-flex-content-wrap\" style=\"width:105% !important;max-width:105% !important;margin-left: calc(-5% \/ 2 );margin-right: calc(-5% \/ 2 );\"><div class=\"fusion-layout-column fusion_builder_column fusion-builder-column-2 fusion_builder_column_1_1 1_1 fusion-flex-column fusion-flex-align-self-flex-start fusion-column-no-min-height\" style=\"--awb-bg-size:cover;--awb-width-large:100%;--awb-margin-top-large:0px;--awb-spacing-right-large:2.375%;--awb-margin-bottom-large:0px;--awb-spacing-left-large:2.375%;--awb-width-medium:100%;--awb-spacing-right-medium:2.375%;--awb-spacing-left-medium:2.375%;--awb-width-small:100%;--awb-spacing-right-small:2.375%;--awb-spacing-left-small:2.375%;\"><div class=\"fusion-column-wrapper fusion-flex-justify-content-flex-start fusion-content-layout-column\"><div class=\"fusion-separator fusion-full-width-sep\" style=\"align-self: center;margin-left: auto;margin-right: auto;width:100%;\"><\/div><div class=\"fusion-text fusion-text-3\"><p>Para os internautas e seguidores do projeto nas redes sociais, a transmiss\u00e3o ser\u00e1 feita pelo Youtube\/LiveAki. O projeto Cidade Unida, com idealiza\u00e7\u00e3o e realiza\u00e7\u00e3o da Live Aki, Oitava Produ\u00e7\u00f5es e Eventos e Taurus Som e Imagem j\u00e1 arrecadou mais de 1 tonelada e meia de alimentos em cinco edi\u00e7\u00f5es do projeto (entregues ao projeto Cidade Solid\u00e1ria, da Defesa Civil), e segue fazendo hist\u00f3ria, levando boa m\u00fasica e ajuda para quem precisa neste momento dif\u00edcil.<\/p>\n<\/div><div class=\"fusion-separator fusion-full-width-sep\" style=\"align-self: center;margin-left: auto;margin-right: auto;width:100%;\"><\/div><div class=\"fusion-text fusion-text-4\"><p>Para saber mais sobre o projeto Cidade Unida (seja um parceiro ou doador do projeto), acesse o <a href=\"http:\/\/www.liveaki.com.br\">site<\/a> ou siga pelas redes sociais (@liveaki.com.br) no Facebook e Instagram.<\/p>\n<\/div><div class=\"fusion-separator fusion-full-width-sep\" style=\"align-self: center;margin-left: auto;margin-right: auto;width:100%;\"><\/div><div class=\"fusion-text fusion-text-5\"><p>Iniciativa: Oitava Produ\u00e7\u00f5es | Taurus som e imagem<br \/>\nRealiza\u00e7\u00e3o e Transmiss\u00e3o: Live Aki<br \/>\nApoio: M.R Produ\u00e7\u00f5es | High Power Som e Luz | Grupo JASF<br \/>\nCoordena\u00e7\u00e3o Musical: Beatles 4Ever<\/p>\n<\/div><\/div><\/div><\/div><\/div><div class=\"fusion-fullwidth fullwidth-box fusion-builder-row-4 fusion-flex-container hundred-percent-fullwidth non-hundred-percent-height-scrolling\" style=\"--awb-border-radius-top-left:0px;--awb-border-radius-top-right:0px;--awb-border-radius-bottom-right:0px;--awb-border-radius-bottom-left:0px;--awb-overflow:visible;--awb-margin-top:20px;--awb-flex-wrap:wrap;\" ><div class=\"fusion-builder-row fusion-row fusion-flex-align-items-flex-start fusion-flex-content-wrap\" style=\"width:105% !important;max-width:105% !important;margin-left: calc(-5% \/ 2 );margin-right: calc(-5% \/ 2 );\"><div class=\"fusion-layout-column fusion_builder_column fusion-builder-column-3 fusion_builder_column_1_1 1_1 fusion-flex-column fusion-flex-align-self-flex-start fusion-column-no-min-height\" style=\"--awb-bg-size:cover;--awb-width-large:100%;--awb-margin-top-large:0px;--awb-spacing-right-large:2.375%;--awb-margin-bottom-large:0px;--awb-spacing-left-large:2.375%;--awb-width-medium:100%;--awb-spacing-right-medium:2.375%;--awb-spacing-left-medium:2.375%;--awb-width-small:100%;--awb-spacing-right-small:2.375%;--awb-spacing-left-small:2.375%;\"><div class=\"fusion-column-wrapper fusion-flex-justify-content-flex-start fusion-content-layout-column\"><div class=\"fusion-separator fusion-full-width-sep\" style=\"align-self: center;margin-left: auto;margin-right: auto;width:100%;\"><\/div><div class=\"fusion-text fusion-text-6\"><p><a href=\"https:\/\/www.moblee.com.br\/blog\">#cidadeunida #liveaki #musica #solidariedade #projetosocial #show #live #doarfazbemMoblee<\/a><\/p>\n<\/div><\/div><\/div><\/div><\/div><\/p>\n","protected":false},"excerpt":{"rendered":"<p>O sucesso do Projeto Cidade Unida segue para mais um fim de semana musical&#8230;<\/p>\n","protected":false},"author":1,"featured_media":0,"comment_status":"open","ping_status":"open","sticky":false,"template":"","format":"video","meta":{"_bbp_topic_count":0,"_bbp_reply_count":0,"_bbp_total_topic_count":0,"_bbp_total_reply_count":0,"_bbp_voice_count":0,"_bbp_anonymous_reply_count":0,"_bbp_topic_count_hidden":0,"_bbp_reply_count_hidden":0,"_bbp_forum_subforum_count":0,"content-type":"","om_disable_all_campaigns":false,"_mi_skip_tracking":false,"_monsterinsights_sitenote_active":false,"_monsterinsights_sitenote_note":"","_monsterinsights_sitenote_category":0,"footnotes":""},"categories":[29,33,36],"tags":[],"class_list":["post-717","post","type-post","status-publish","format-video","hentry","category-divulgacao-de-eventos","category-organizacao-de-eventos","category-tendencias-em-eventos","post_format-post-format-video"],"acf":[],"aioseo_notices":[],"yoast_head":"<!-- This site is optimized with the Yoast SEO plugin v21.9 - https:\/\/yoast.com\/wordpress\/plugins\/seo\/ -->\n<title>Confira o primeiro dia do Projeto Cidade Unida - JASF Promo\u00e7\u00f5es e Eventos<\/title>\n<meta name=\"robots\" content=\"index, follow, max-snippet:-1, max-image-preview:large, max-video-preview:-1\" \/>\n<link rel=\"canonical\" href=\"https:\/\/grupojasf.com.br\/promocoes-e-eventos\/confira-o-primeiro-dia-do-projeto-cidade-unida\/\" \/>\n<meta property=\"og:locale\" content=\"pt_BR\" \/>\n<meta property=\"og:type\" content=\"article\" \/>\n<meta property=\"og:title\" content=\"Confira o primeiro dia do Projeto Cidade Unida - JASF Promo\u00e7\u00f5es e Eventos\" \/>\n<meta property=\"og:description\" content=\"O sucesso do Projeto Cidade Unida segue para mais um fim de semana musical...\" \/>\n<meta property=\"og:url\" content=\"https:\/\/grupojasf.com.br\/promocoes-e-eventos\/confira-o-primeiro-dia-do-projeto-cidade-unida\/\" \/>\n<meta property=\"og:site_name\" content=\"JASF Promo\u00e7\u00f5es e Eventos\" \/>\n<meta property=\"article:published_time\" content=\"2020-07-30T16:40:38+00:00\" \/>\n<meta property=\"article:modified_time\" content=\"2022-02-22T13:08:23+00:00\" \/>\n<meta name=\"author\" content=\"marketing\" \/>\n<meta name=\"twitter:card\" content=\"summary_large_image\" \/>\n<meta name=\"twitter:label1\" content=\"Escrito por\" \/>\n\t<meta name=\"twitter:data1\" content=\"marketing\" \/>\n\t<meta name=\"twitter:label2\" content=\"Est. tempo de leitura\" \/>\n\t<meta name=\"twitter:data2\" content=\"4 minutos\" \/>\n<script type=\"application\/ld+json\" class=\"yoast-schema-graph\">{\"@context\":\"https:\/\/schema.org\",\"@graph\":[{\"@type\":\"WebPage\",\"@id\":\"https:\/\/grupojasf.com.br\/promocoes-e-eventos\/confira-o-primeiro-dia-do-projeto-cidade-unida\/\",\"url\":\"https:\/\/grupojasf.com.br\/promocoes-e-eventos\/confira-o-primeiro-dia-do-projeto-cidade-unida\/\",\"name\":\"Confira o primeiro dia do Projeto Cidade Unida - JASF Promo\u00e7\u00f5es e Eventos\",\"isPartOf\":{\"@id\":\"https:\/\/grupojasf.com.br\/promocoes-e-eventos\/#website\"},\"datePublished\":\"2020-07-30T16:40:38+00:00\",\"dateModified\":\"2022-02-22T13:08:23+00:00\",\"author\":{\"@id\":\"https:\/\/grupojasf.com.br\/promocoes-e-eventos\/#\/schema\/person\/ba78b75ffd9ff8c7ac054326222763d5\"},\"breadcrumb\":{\"@id\":\"https:\/\/grupojasf.com.br\/promocoes-e-eventos\/confira-o-primeiro-dia-do-projeto-cidade-unida\/#breadcrumb\"},\"inLanguage\":\"pt-BR\",\"potentialAction\":[{\"@type\":\"ReadAction\",\"target\":[\"https:\/\/grupojasf.com.br\/promocoes-e-eventos\/confira-o-primeiro-dia-do-projeto-cidade-unida\/\"]}]},{\"@type\":\"BreadcrumbList\",\"@id\":\"https:\/\/grupojasf.com.br\/promocoes-e-eventos\/confira-o-primeiro-dia-do-projeto-cidade-unida\/#breadcrumb\",\"itemListElement\":[{\"@type\":\"ListItem\",\"position\":1,\"name\":\"Home\",\"item\":\"https:\/\/grupojasf.com.br\/promocoes-e-eventos\/\"},{\"@type\":\"ListItem\",\"position\":2,\"name\":\"Confira o primeiro dia do Projeto Cidade Unida\"}]},{\"@type\":\"WebSite\",\"@id\":\"https:\/\/grupojasf.com.br\/promocoes-e-eventos\/#website\",\"url\":\"https:\/\/grupojasf.com.br\/promocoes-e-eventos\/\",\"name\":\"JASF Promo\u00e7\u00f5es e Eventos\",\"description\":\"Grupo Jasf\",\"potentialAction\":[{\"@type\":\"SearchAction\",\"target\":{\"@type\":\"EntryPoint\",\"urlTemplate\":\"https:\/\/grupojasf.com.br\/promocoes-e-eventos\/?s={search_term_string}\"},\"query-input\":\"required name=search_term_string\"}],\"inLanguage\":\"pt-BR\"},{\"@type\":\"Person\",\"@id\":\"https:\/\/grupojasf.com.br\/promocoes-e-eventos\/#\/schema\/person\/ba78b75ffd9ff8c7ac054326222763d5\",\"name\":\"marketing\",\"image\":{\"@type\":\"ImageObject\",\"inLanguage\":\"pt-BR\",\"@id\":\"https:\/\/grupojasf.com.br\/promocoes-e-eventos\/#\/schema\/person\/image\/\",\"url\":\"https:\/\/secure.gravatar.com\/avatar\/8189616c7f50d2f115b874cf9280e7bb?s=96&d=mm&r=g\",\"contentUrl\":\"https:\/\/secure.gravatar.com\/avatar\/8189616c7f50d2f115b874cf9280e7bb?s=96&d=mm&r=g\",\"caption\":\"marketing\"},\"sameAs\":[\"https:\/\/grupojasf.com.br\/promocoes-e-eventos\"],\"url\":\"https:\/\/grupojasf.com.br\/promocoes-e-eventos\/author\/marketing\/\"}]}<\/script>\n<!-- \/ Yoast SEO plugin. -->","yoast_head_json":{"title":"Confira o primeiro dia do Projeto Cidade Unida - JASF Promo\u00e7\u00f5es e Eventos","robots":{"index":"index","follow":"follow","max-snippet":"max-snippet:-1","max-image-preview":"max-image-preview:large","max-video-preview":"max-video-preview:-1"},"canonical":"https:\/\/grupojasf.com.br\/promocoes-e-eventos\/confira-o-primeiro-dia-do-projeto-cidade-unida\/","og_locale":"pt_BR","og_type":"article","og_title":"Confira o primeiro dia do Projeto Cidade Unida - JASF Promo\u00e7\u00f5es e Eventos","og_description":"O sucesso do Projeto Cidade Unida segue para mais um fim de semana musical...","og_url":"https:\/\/grupojasf.com.br\/promocoes-e-eventos\/confira-o-primeiro-dia-do-projeto-cidade-unida\/","og_site_name":"JASF Promo\u00e7\u00f5es e Eventos","article_published_time":"2020-07-30T16:40:38+00:00","article_modified_time":"2022-02-22T13:08:23+00:00","author":"marketing","twitter_card":"summary_large_image","twitter_misc":{"Escrito por":"marketing","Est. tempo de leitura":"4 minutos"},"schema":{"@context":"https:\/\/schema.org","@graph":[{"@type":"WebPage","@id":"https:\/\/grupojasf.com.br\/promocoes-e-eventos\/confira-o-primeiro-dia-do-projeto-cidade-unida\/","url":"https:\/\/grupojasf.com.br\/promocoes-e-eventos\/confira-o-primeiro-dia-do-projeto-cidade-unida\/","name":"Confira o primeiro dia do Projeto Cidade Unida - JASF Promo\u00e7\u00f5es e Eventos","isPartOf":{"@id":"https:\/\/grupojasf.com.br\/promocoes-e-eventos\/#website"},"datePublished":"2020-07-30T16:40:38+00:00","dateModified":"2022-02-22T13:08:23+00:00","author":{"@id":"https:\/\/grupojasf.com.br\/promocoes-e-eventos\/#\/schema\/person\/ba78b75ffd9ff8c7ac054326222763d5"},"breadcrumb":{"@id":"https:\/\/grupojasf.com.br\/promocoes-e-eventos\/confira-o-primeiro-dia-do-projeto-cidade-unida\/#breadcrumb"},"inLanguage":"pt-BR","potentialAction":[{"@type":"ReadAction","target":["https:\/\/grupojasf.com.br\/promocoes-e-eventos\/confira-o-primeiro-dia-do-projeto-cidade-unida\/"]}]},{"@type":"BreadcrumbList","@id":"https:\/\/grupojasf.com.br\/promocoes-e-eventos\/confira-o-primeiro-dia-do-projeto-cidade-unida\/#breadcrumb","itemListElement":[{"@type":"ListItem","position":1,"name":"Home","item":"https:\/\/grupojasf.com.br\/promocoes-e-eventos\/"},{"@type":"ListItem","position":2,"name":"Confira o primeiro dia do Projeto Cidade Unida"}]},{"@type":"WebSite","@id":"https:\/\/grupojasf.com.br\/promocoes-e-eventos\/#website","url":"https:\/\/grupojasf.com.br\/promocoes-e-eventos\/","name":"JASF Promo\u00e7\u00f5es e Eventos","description":"Grupo Jasf","potentialAction":[{"@type":"SearchAction","target":{"@type":"EntryPoint","urlTemplate":"https:\/\/grupojasf.com.br\/promocoes-e-eventos\/?s={search_term_string}"},"query-input":"required name=search_term_string"}],"inLanguage":"pt-BR"},{"@type":"Person","@id":"https:\/\/grupojasf.com.br\/promocoes-e-eventos\/#\/schema\/person\/ba78b75ffd9ff8c7ac054326222763d5","name":"marketing","image":{"@type":"ImageObject","inLanguage":"pt-BR","@id":"https:\/\/grupojasf.com.br\/promocoes-e-eventos\/#\/schema\/person\/image\/","url":"https:\/\/secure.gravatar.com\/avatar\/8189616c7f50d2f115b874cf9280e7bb?s=96&d=mm&r=g","contentUrl":"https:\/\/secure.gravatar.com\/avatar\/8189616c7f50d2f115b874cf9280e7bb?s=96&d=mm&r=g","caption":"marketing"},"sameAs":["https:\/\/grupojasf.com.br\/promocoes-e-eventos"],"url":"https:\/\/grupojasf.com.br\/promocoes-e-eventos\/author\/marketing\/"}]}},"amp_enabled":true,"_links":{"self":[{"href":"https:\/\/grupojasf.com.br\/promocoes-e-eventos\/wp-json\/wp\/v2\/posts\/717"}],"collection":[{"href":"https:\/\/grupojasf.com.br\/promocoes-e-eventos\/wp-json\/wp\/v2\/posts"}],"about":[{"href":"https:\/\/grupojasf.com.br\/promocoes-e-eventos\/wp-json\/wp\/v2\/types\/post"}],"author":[{"embeddable":true,"href":"https:\/\/grupojasf.com.br\/promocoes-e-eventos\/wp-json\/wp\/v2\/users\/1"}],"replies":[{"embeddable":true,"href":"https:\/\/grupojasf.com.br\/promocoes-e-eventos\/wp-json\/wp\/v2\/comments?post=717"}],"version-history":[{"count":4,"href":"https:\/\/grupojasf.com.br\/promocoes-e-eventos\/wp-json\/wp\/v2\/posts\/717\/revisions"}],"predecessor-version":[{"id":3951,"href":"https:\/\/grupojasf.com.br\/promocoes-e-eventos\/wp-json\/wp\/v2\/posts\/717\/revisions\/3951"}],"wp:attachment":[{"href":"https:\/\/grupojasf.com.br\/promocoes-e-eventos\/wp-json\/wp\/v2\/media?parent=717"}],"wp:term":[{"taxonomy":"category","embeddable":true,"href":"https:\/\/grupojasf.com.br\/promocoes-e-eventos\/wp-json\/wp\/v2\/categories?post=717"},{"taxonomy":"post_tag","embeddable":true,"href":"https:\/\/grupojasf.com.br\/promocoes-e-eventos\/wp-json\/wp\/v2\/tags?post=717"}],"curies":[{"name":"wp","href":"https:\/\/api.w.org\/{rel}","templated":true}]}}